{"status":{"version":"1.22","success":"true","source":"db","mode":"royale","rows":0,"processingtime":0.12450289726257324,"api":"Musicle-cache"},"flavor":{"id":"sertanejo","name":"Sertanejo","desc":"Rural ou universit\u00e1rio","day":"1537","parent":"brasil"},"flavors":[{"id":"brasil","name":"Brasil","desc":"Is that a Brazil reference?","parent":null},{"id":"pancadao","name":"Pancad\u00e3o","desc":"\u00c9 o Bonde do Musicl\u00e3o","parent":"brasil"},{"id":"samba","name":"Samba+Pagode","desc":"Suor, ouri\u00e7o e molejo","parent":"brasil"},{"id":"1001","name":"1001","desc":"Better hear before you die"},{"id":"classicle","name":"Classicle","desc":"Wordle People's Concerts"},{"id":"easyradio","name":"Easy Radio","desc":"Tuning in to the good old tunes"},{"id":"eurocontest","name":"Euro Contest","desc":"That song competition"},{"id":"gamer","name":"Gamer","desc":"It's in the game"},{"id":"hiphople","name":"Hip Hople","desc":"And you don't stople"},{"id":"hitparade","name":"Hit Parade","desc":"What's hot this week"},{"id":"jazzle","name":"Jazzle","desc":"All that jazzle"},{"id":"kpop","name":"K-Pop","desc":"Made in South Korea"},{"id":"liverpool","name":"Liverpool","desc":"Four and fabulous"},{"id":"metalhead","name":"Metalhead","desc":"Start head-banging"},{"id":"moviemagic","name":"Movie Magic","desc":"Play it again. And again"},{"id":"pop","name":"Pop!","desc":"It sizzles, it pops"},{"id":"rnb","name":"R&B","desc":"Got that swing?"},{"id":"retrogamer","name":"Retrogamer","desc":"Bleeps, bloops and more"},{"id":"rock","name":"Rock","desc":"Rockin' and rollin'"},{"id":"60s","name":"The 60s","desc":"Good vibrations"},{"id":"70s","name":"The 70s","desc":"Stayin' alive"},{"id":"80s","name":"The 80s","desc":"Under pressure"},{"id":"90s","name":"The 90s","desc":"Come as you are"},{"id":"2000s","name":"The 2000s","desc":"I gotta feeling"},{"id":"atlas","name":"World Atlas","desc":"You know, actual anthems"}],"secret":["50beeebc7ba1f1ad10b7718c7fae6d7a","36295f93c0ce53077b12e9ebf65f93c5","b67cfeee8deb5a93dbad62757e42241e"],"tracks":[{"options":[{"id":"29629","album_id":"1475315736","song_title":"Supera ","album_title":"Todos os Cantos, Vol. 3  ","artist":"Mar\u00edlia Mendon\u00e7a","year":"2019","album_cover":"https:\/\/is4-ssl.mzstatic.com\/image\/thumb\/Music113\/v4\/28\/88\/8a\/28888ad9-7027-56d0-2094-66c5c8e91021\/7891430413873.jpg\/400x400bb.jpg","preview":"https:\/\/audio-ssl.itunes.apple.com\/itunes-assets\/AudioPreview115\/v4\/7e\/f1\/c9\/7ef1c951-960b-cc0d-0e03-22aba0529253\/mzaf_1671151312448162900.plus.aac.p.m4a"},{"id":"29642","album_id":"1444869691","song_title":"Amor Da Sua Cama","album_title":"Amor Da Sua Cama ","artist":"Felipe Ara\u00fajo","year":"2017","album_cover":"https:\/\/is2-ssl.mzstatic.com\/image\/thumb\/Music124\/v4\/87\/cc\/d9\/87ccd92a-6030-8315-ebc8-fa90a6437590\/17UM1IM25245.rgb.jpg\/400x400bb.jpg","preview":"https:\/\/audio-ssl.itunes.apple.com\/itunes-assets\/AudioPreview115\/v4\/6a\/a0\/17\/6aa0175a-e4f3-22ef-4357-725512ae7340\/mzaf_7925750105976564958.plus.aac.p.m4a"},{"id":"29809","album_id":"621783541","song_title":"Voc\u00ea \u00c9 Tudo Que Pedi Pra Deus (feat. Chit\u00e3ozinho e Chororo) [Ao Vivo]","album_title":"O Melhor de Cezar & Paulinho ","artist":"Cezar & Paulinho","year":"2013","album_cover":"https:\/\/is4-ssl.mzstatic.com\/image\/thumb\/Music124\/v4\/9a\/84\/05\/9a840504-a751-01fa-4c52-ff0e251aa3f5\/887845925077.jpg\/400x400bb.jpg","preview":"https:\/\/audio-ssl.itunes.apple.com\/itunes-assets\/AudioPreview115\/v4\/2d\/b6\/33\/2db633b0-e950-26bc-f424-602953210e23\/mzaf_6582063754072125508.plus.aac.p.m4a"},{"id":"29646","album_id":"971393095","song_title":"Logo Eu","album_title":"Os Anjos Cantam","artist":"Jorge & Mateus","year":"2015","album_cover":"https:\/\/is1-ssl.mzstatic.com\/image\/thumb\/Music124\/v4\/32\/30\/71\/3230717e-c44d-958f-239e-7f6f93bec158\/7891430378028.jpg\/400x400bb.jpg","preview":"https:\/\/audio-ssl.itunes.apple.com\/itunes-assets\/AudioPreview115\/v4\/03\/15\/11\/0315118c-c3dd-b63b-a428-5ca7af499c50\/mzaf_246863457781964025.plus.aac.p.m4a"},{"id":"29678","album_id":"1384122163","song_title":"Largado \u00e0s Tra\u00e7as ","album_title":"Esquece O Mundo L\u00e1 Fora ","artist":"Z\u00e9 Neto & Cristiano","year":"2018","album_cover":"https:\/\/is5-ssl.mzstatic.com\/image\/thumb\/Music124\/v4\/38\/dc\/fd\/38dcfd77-94ba-12fe-7ebd-d4cb9ecc3f67\/192562588062.jpg\/400x400bb.jpg","preview":"https:\/\/audio-ssl.itunes.apple.com\/itunes-assets\/AudioPreview125\/v4\/66\/c3\/ac\/66c3ac34-4ee5-8517-fa3d-eb028ff195da\/mzaf_6901864490492728538.plus.aac.p.m4a"},{"id":"29651","album_id":"607124988","song_title":"Me Chama Pra Beber","album_title":"M\u00e3e t\u00f4 na balada","artist":"Trio Bravana","year":"2013","album_cover":"https:\/\/is4-ssl.mzstatic.com\/image\/thumb\/Music\/v4\/bf\/84\/e0\/bf84e0f1-3823-927d-d47c-ff328a1a5759\/886443818248.jpg\/400x400bb.jpg","preview":"https:\/\/audio-ssl.itunes.apple.com\/itunes-assets\/AudioPreview125\/v4\/5b\/d3\/8b\/5bd38bbe-333a-7ec2-48f6-ad3a6166ecd4\/mzaf_3116753271138847118.plus.aac.p.m4a"},{"id":"29730","album_id":"1019820353","song_title":"Sapequinha","album_title":"Vivendo e Aprendendo","artist":"Eduardo Costa","year":"2015","album_cover":"https:\/\/is3-ssl.mzstatic.com\/image\/thumb\/Music7\/v4\/ee\/96\/81\/ee968170-44ec-3280-75d4-e0bacb6300cb\/886445357820.jpg\/400x400bb.jpg","preview":"https:\/\/audio-ssl.itunes.apple.com\/itunes-assets\/AudioPreview115\/v4\/82\/8d\/1e\/828d1e4c-b7c5-292e-7406-d76a408f4612\/mzaf_13037430704753709506.plus.aac.p.m4a"},{"id":"29638","album_id":"900108393","song_title":"Cuida Bem Dela ","album_title":"Ao Vivo em Bras\u00edlia ","artist":"Henrique & Juliano","year":"2014","album_cover":"https:\/\/is4-ssl.mzstatic.com\/image\/thumb\/Music\/v4\/f0\/37\/67\/f037678c-f7a5-1710-7532-bf69f655dfda\/7891430368821.jpg\/400x400bb.jpg","preview":"https:\/\/audio-ssl.itunes.apple.com\/itunes-assets\/AudioPreview125\/v4\/ea\/25\/7d\/ea257dc8-7571-3c23-7104-ab435efb49e7\/mzaf_17608222198266267427.plus.aac.p.m4a"},{"id":"29733","album_id":"483127109","song_title":"T\u00e1 Combinado","album_title":"Adoro","artist":"Jo\u00e3o Neto & Frederico","year":"2011","album_cover":"https:\/\/is2-ssl.mzstatic.com\/image\/thumb\/Music\/64\/8d\/d2\/mzi.zgunaacy.jpg\/400x400bb.jpg","preview":"https:\/\/audio-ssl.itunes.apple.com\/itunes-assets\/AudioPreview115\/v4\/c1\/2a\/41\/c12a41c9-0dff-39de-fb1a-c30346b94e28\/mzaf_6488210813741294437.plus.aac.p.m4a"}]}]}